{"id":1394,"date":"2009-04-27T22:37:28","date_gmt":"2009-04-27T21:37:28","guid":{"rendered":"http:\/\/www.loeda.net\/bitacora\/?p=1394"},"modified":"2009-05-18T16:00:25","modified_gmt":"2009-05-18T15:00:25","slug":"vivir-de-las-rentas-del-copyright-ad-infinitum","status":"publish","type":"post","link":"https:\/\/www.loeda.net\/bitacora\/2009\/04\/27\/vivir-de-las-rentas-del-copyright-ad-infinitum\/","title":{"rendered":"Vivir de las rentas del Copyright <i>ad infinitum<\/i>"},"content":{"rendered":"<p style=\"text-align: center;\"><img loading=\"lazy\" decoding=\"async\" class=\"aligncenter size-full wp-image-1393\" title=\"El reflejo de los derechos de autor multiplicandose ad infinitum - imagen de Enrique Dans -\" src=\"http:\/\/www.loeda.net\/bitacora\/wp-content\/uploads\/2009\/04\/derechos_de_autor_hasta_el_infinito.jpg\" alt=\"derechos_de_autor_hasta_el_infinito\" width=\"438\" height=\"245\" srcset=\"http:\/\/cdn.loeda.net\/uploads\/2009\/04\/derechos_de_autor_hasta_el_infinito.jpg 438w, http:\/\/cdn.loeda.net\/uploads\/2009\/04\/derechos_de_autor_hasta_el_infinito-300x167.jpg 300w\" sizes=\"auto, (max-width: 438px) 100vw, 438px\" \/><\/p>\n<p>En la U.E. se aprob\u00f3 la extensi\u00f3n del Copyright desde los actuales 50 a\u00f1os a 70 , seg\u00fan se puede leer en una <a href=\"http:\/\/www.europarl.europa.eu\/news\/expert\/infopress_page\/058-54192-111-04-17-909-20090422IPR54191-21-04-2009-2009-false\/default_es.htm\">nota<\/a> del parlamento Europeo.<\/p>\n<p>Si uno lee con cierta atenci\u00f3n la nota saca conclusiones muy interesantes.<\/p>\n<p><!--more--><\/p>\n<h2>Fondo para los artistas<\/h2>\n<blockquote>\n<p style=\"text-align: justify;\">La Euroc\u00e1mara abog\u00f3 hoy por ampliar la protecci\u00f3n de los derechos asociados a las interpretaciones y grabaciones musicales hasta los 70 a\u00f1os, frente a los 50 a\u00f1os actuales. <span style=\"text-decoration: underline;\">Esta iniciativa busca mejorar la situaci\u00f3n social de los artistas, que en ocasiones ven disminuir sus ingresos en sus \u00faltimos a\u00f1os de vida<\/span>. Por otra parte, los diputados apoyan la creaci\u00f3n de un fondo destinado a los m\u00fasicos, al que deber\u00edan contribuir todos los productores, independientemente de sus ingresos anuales.<\/p>\n<\/blockquote>\n<p>De este p\u00e1rrafo saco dos conclusiones<\/p>\n<ol style=\"text-align: justify;\">\n<li>Los pobres artistas no son capaces de trabajar durante su vida en varias profesiones, tan y como hacemos todos los mortales, as\u00ed que tenemos que alargar sus <em>derechos de autor<\/em>.<\/li>\n<li>Los empresarios tendr\u00e1n que pagar a los artistas atraves de un fondo quieran o no quieran y sin tener en cuenta su nivel de ingresos.<\/li>\n<\/ol>\n<p>\u00bfLa direcci\u00f3n de la empresa en la cual trabajo, me pagar\u00edan un sueldo de por vida aunque ya no trabaje en ella?<\/p>\n<h2>No importa que los derechos expiren.<\/h2>\n<p>Espere que la cosa no termina aqu\u00ed.<\/p>\n<blockquote>\n<p style=\"text-align: justify;\"><span>Otra de las propuestas que los parlamentarios apoyan es la de crear un fondo destinado a los m\u00fasicos cuyos derechos ya han expirado. Este fondo es una medida transitoria para compensar a aquello m\u00fasicos que hayan cedido sus derechos bas\u00e1ndose en la protecci\u00f3n de 50 a\u00f1os. Para financiar este fondo, <span style=\"text-decoration: underline;\">los productores tendr\u00e1n la obligaci\u00f3n de contribuir, al menos una vez al a\u00f1o, con un m\u00ednimo del 20% de los ingresos procedentes de la extensi\u00f3n del plazo de protecci\u00f3n<\/span>.<\/span><\/p>\n<\/blockquote>\n<p style=\"text-align: justify;\"><span>As\u00ed que no importa que los\u00a0 derechos ya han expirado, podr\u00e1n vivir del cuento a costa del sector privado. Esto esta muy bien, el sector publico legisla obligando a empresas privadas financiar a estos vividores.<\/span><\/p>\n<p style=\"text-align: justify;\"><span>Claro que los se\u00f1ores EuroDiputados para ahogar al sector privado, se niegan a fija una facturaci\u00f3n m\u00ednima de dos millones de Euros por la cual los empresarios no est\u00e9n obligados a contribuir al fondo antes mencionado.<br \/>\n<\/span><\/p>\n<h2>Los artistas solo pueden ser representado por <em>lobbies<\/em> como la SGAE.<\/h2>\n<blockquote>\n<p style=\"text-align: justify;\"><span>Los europarlamentarios consideran que las <span style=\"text-decoration: underline;\">sociedades recaudadoras, que representan los intereses de los artistas y los productores<\/span>, deber\u00edan ocuparse de la administraci\u00f3n del fondo y de su distribuci\u00f3n entre los m\u00fasicos.<\/span><\/p>\n<\/blockquote>\n<p><span>Con lo <em>transparente<\/em> que son estas sociedades, los m\u00fasicos se pueden dar por estafados.<\/span><\/p>\n<h2><span>Algunos viven muchos mejor<\/span><\/h2>\n<blockquote>\n<p style=\"text-align: justify;\"><span>Sin embargo esta modificaci\u00f3n no afecta a los compositores (de l\u00edrica y m\u00fasica), cuyos derechos est\u00e1n garantizados -por la legislaci\u00f3n actual- durante toda su vida y 70 a\u00f1os despu\u00e9s de su muerte. <\/span><\/p>\n<\/blockquote>\n<p style=\"text-align: justify;\">Los hijos y los nietos podr\u00e1n vivir <a href=\"http:\/\/es.wikipedia.org\/wiki\/Aforismos_Jur%C3%ADdicos_Latinos\"><em>ad infinitum<\/em><\/a> de los derechos de autor del padre y\/o abuelo sin pegar ni golpe.<\/p>\n<p style=\"text-align: justify;\">Yo me tengo que levantar todos los d\u00edas a las seis de la ma\u00f1ana para trabajar, sin saber si dentro de 25 a\u00f1os me podre jubilar, y estos <a href=\"http:\/\/es.wikipedia.org\/wiki\/Neoludismo\">Neoluditas<\/a> rentistas de la propiedad intelectual, vivir\u00e1n a costa de todos.<\/p>\n<p>\u00bfQuien es el pirata y el caradura?<\/p>\n<p><a href=\"http:\/\/www.loeda.net\/bitacora\/wp-content\/uploads\/2009\/04\/baner_sinde.gif\"><img loading=\"lazy\" decoding=\"async\" class=\"aligncenter size-full wp-image-1197\" title=\"baner_sinde\" src=\"http:\/\/www.loeda.net\/bitacora\/wp-content\/uploads\/2009\/04\/baner_sinde.gif\" alt=\"baner_sinde\" width=\"420\" height=\"60\" srcset=\"http:\/\/cdn.loeda.net\/uploads\/2009\/04\/baner_sinde.gif 420w, http:\/\/cdn.loeda.net\/uploads\/2009\/04\/baner_sinde-300x42.gif 300w\" sizes=\"auto, (max-width: 420px) 100vw, 420px\" \/><\/a><\/p>\n","protected":false},"excerpt":{"rendered":"<p>En la U.E. se aprob\u00f3 la extensi\u00f3n del Copyright desde los actuales 50 a\u00f1os a 70 , seg\u00fan se puede leer en una nota del parlamento Europeo. Si uno lee con cierta atenci\u00f3n la nota saca conclusiones muy interesantes.<\/p>\n","protected":false},"author":12,"featured_media":0,"comment_status":"open","ping_status":"open","sticky":false,"template":"","format":"standard","meta":{"footnotes":""},"categories":[12],"tags":[750],"class_list":["post-1394","post","type-post","status-publish","format-standard","hentry","category-espana","tag-sin-etiqueta","author-emilio"],"_links":{"self":[{"href":"https:\/\/www.loeda.net\/bitacora\/wp-json\/wp\/v2\/posts\/1394","targetHints":{"allow":["GET"]}}],"collection":[{"href":"https:\/\/www.loeda.net\/bitacora\/wp-json\/wp\/v2\/posts"}],"about":[{"href":"https:\/\/www.loeda.net\/bitacora\/wp-json\/wp\/v2\/types\/post"}],"author":[{"embeddable":true,"href":"https:\/\/www.loeda.net\/bitacora\/wp-json\/wp\/v2\/users\/12"}],"replies":[{"embeddable":true,"href":"https:\/\/www.loeda.net\/bitacora\/wp-json\/wp\/v2\/comments?post=1394"}],"version-history":[{"count":0,"href":"https:\/\/www.loeda.net\/bitacora\/wp-json\/wp\/v2\/posts\/1394\/revisions"}],"wp:attachment":[{"href":"https:\/\/www.loeda.net\/bitacora\/wp-json\/wp\/v2\/media?parent=1394"}],"wp:term":[{"taxonomy":"category","embeddable":true,"href":"https:\/\/www.loeda.net\/bitacora\/wp-json\/wp\/v2\/categories?post=1394"},{"taxonomy":"post_tag","embeddable":true,"href":"https:\/\/www.loeda.net\/bitacora\/wp-json\/wp\/v2\/tags?post=1394"}],"curies":[{"name":"wp","href":"https:\/\/api.w.org\/{rel}","templated":true}]}}