{"id":246,"date":"2006-10-07T23:59:54","date_gmt":"2006-10-07T21:59:54","guid":{"rendered":"http:\/\/www.loeda.net\/blog\/index.php\/2006\/10\/07\/discriminacion-positiva-una-falacia\/"},"modified":"2009-02-13T15:02:41","modified_gmt":"2009-02-13T14:02:41","slug":"discriminacion-positiva-una-falacia","status":"publish","type":"post","link":"https:\/\/www.loeda.net\/bitacora\/2006\/10\/07\/discriminacion-positiva-una-falacia\/","title":{"rendered":"Discriminaci\u00f3n Positiva, una falacia"},"content":{"rendered":"<p>\u00bfQue es la discriminaci\u00f3n positiva?, es una pol\u00edtica social con el objetivo de potenciar la integraci\u00f3n de grupos sociales que de forma hist\u00f3rica social han sido o son discriminados.<\/p>\n<p>Esta pol\u00edtica tiene su origen en Estados Unidos, donde la integraci\u00f3n de las diversas razas que de forma constante son discriminados.<\/p>\n<p>En Europa no existe el concepto de discriminaci\u00f3n positiva de forma explicita, si no la llamada <em><a href=\"http:\/\/www.uv.es\/CEFD\/9\/barrere2.pdf#search=%22acci%C3%B3n%20positiva%22\" target=\"_blank\">acci\u00f3n positiva<\/a>.<\/em><\/p>\n<p>La idea en esencia es interesante y acertada, se fuerza la integraci\u00f3n de las mujer por decreto en el mundo laboral y sobre todo en puesto de gobierno, pero esta pol\u00edtica tiene <em>efectos colaterales.<\/em><\/p>\n<ul>\n<li>No entra  en la cuesti\u00f3n de los sueldos, siempre la mujer cobra menos que el hombre cuendo realiza el mismo trabajo.<\/li>\n<li>No entra en la cuesti\u00f3n de fondo, en la discriminaci\u00f3n como algo natural, asi no se plantean un plan medio plazo utilizando la educaci\u00f3n como forma de fomentar la igualdad.<\/li>\n<li>Los partidos pol\u00edticos tendr\u00edan que tener en sus lista al menos un 40% de mujeres, \u00bfeso significa que si no se cumple esta con esta condici\u00f3n, dicho partido no podr\u00edan presentarse en unas elecciones?<\/li>\n<li>Obliga a las empresas de m\u00e1s 250 trabajadores, a la contrataci\u00f3n de mujeres sobre hombre en igualdad de condiciones<\/li>\n<\/ul>\n<ul>\n<li>\n<ul>\n<li>\u00bfEsto no es discriminatorio para el hombre?<\/li>\n<\/ul>\n<ul>\n<li>En sectores de la industria con una deficiencia de mujeres, \u00bfcomo van resolver este problema?<\/li>\n<\/ul>\n<\/li>\n<li>En poco tiempo tendremos demandas empresas de sus propios trabajadores por no ser considerados por cumplir con la ley de acci\u00f3n positiva.\n<ul>\n<li><a href=\"http:\/\/www.uv.es\/CEFD\/9\/barrere2.pdf#search=%22acci%C3%B3n%20positiva%22\" target=\"_blank\"><em>La acci\u00f3n positiva: An\u00e1lisis del concepto y propuestas de revisi\u00f3n<\/em><\/a><\/li>\n<li><a href=\"http:\/\/www.singenerodedudas.com\/Archivos\/000338.php\"><em>A vueltas con la discriminaci\u00f3n positiva<\/em><\/a><\/li>\n<li><em><a href=\"http:\/\/www.elmundo.es\/elmundo\/2004\/06\/25\/espana\/1088182915.html\" target=\"_blank\">El Gobierno defiende la ley contra la violencia de g\u00e9nero: &#8216;\u00bfEsto es discriminar? A lo mejor s\u00ed&#8217;<\/a><\/em><\/li>\n<li><em><a href=\"http:\/\/www.ugt.es\/Mujer\/artemisa\/artemisaconceptos.html\" target=\"_blank\">Proyecto ARTEMISA: Conceptos-Glosario de T\u00e9rminos<\/a><br \/>\n<\/em><\/li>\n<\/ul>\n<\/li>\n<p>En resumen la ley es una falacia, intenta resolver un problema de social por la via r\u00e1pida y esto siempre tiene problemas.<\/p>\n<p>Sere un poco profeta, seguro que medio plazo tendremos fallos judiciales poniendo <em>tela de juicio <\/em>esta politica.<\/p>\n<p>Si como ejemplo de esta pol\u00edtica de discriminaci\u00f3n positiva tenemos a la ministra de cultura (ministra de cuota) con <a href=\"http:\/\/www.elcantabroperplejo.com\/?p=1012\" target=\"_blank\">frases tan brillantes<\/a> como<\/p>\n<p><em>Estamos manejando dinero p\u00fablico, y el dinero p\u00fablico no es de nadie<\/em><\/p>\n<p><em>Fuentes<\/em><\/ul>\n","protected":false},"excerpt":{"rendered":"<p>\u00bfQue es la discriminaci\u00f3n positiva?, es una pol\u00edtica social con el objetivo de potenciar la integraci\u00f3n de grupos sociales que de forma hist\u00f3rica social han sido o son discriminados. Esta pol\u00edtica tiene su origen en Estados Unidos, donde la integraci\u00f3n de las diversas razas que de forma constante son discriminados. En Europa no existe el [&hellip;]<\/p>\n","protected":false},"author":12,"featured_media":0,"comment_status":"open","ping_status":"open","sticky":false,"template":"","format":"standard","meta":{"footnotes":""},"categories":[12],"tags":[750],"class_list":["post-246","post","type-post","status-publish","format-standard","hentry","category-espana","tag-sin-etiqueta","author-emilio"],"_links":{"self":[{"href":"https:\/\/www.loeda.net\/bitacora\/wp-json\/wp\/v2\/posts\/246","targetHints":{"allow":["GET"]}}],"collection":[{"href":"https:\/\/www.loeda.net\/bitacora\/wp-json\/wp\/v2\/posts"}],"about":[{"href":"https:\/\/www.loeda.net\/bitacora\/wp-json\/wp\/v2\/types\/post"}],"author":[{"embeddable":true,"href":"https:\/\/www.loeda.net\/bitacora\/wp-json\/wp\/v2\/users\/12"}],"replies":[{"embeddable":true,"href":"https:\/\/www.loeda.net\/bitacora\/wp-json\/wp\/v2\/comments?post=246"}],"version-history":[{"count":0,"href":"https:\/\/www.loeda.net\/bitacora\/wp-json\/wp\/v2\/posts\/246\/revisions"}],"wp:attachment":[{"href":"https:\/\/www.loeda.net\/bitacora\/wp-json\/wp\/v2\/media?parent=246"}],"wp:term":[{"taxonomy":"category","embeddable":true,"href":"https:\/\/www.loeda.net\/bitacora\/wp-json\/wp\/v2\/categories?post=246"},{"taxonomy":"post_tag","embeddable":true,"href":"https:\/\/www.loeda.net\/bitacora\/wp-json\/wp\/v2\/tags?post=246"}],"curies":[{"name":"wp","href":"https:\/\/api.w.org\/{rel}","templated":true}]}}