{"id":2683,"date":"2010-03-29T22:20:12","date_gmt":"2010-03-29T21:20:12","guid":{"rendered":"http:\/\/www.loeda.net\/bitacora\/?p=2683"},"modified":"2010-03-29T22:28:40","modified_gmt":"2010-03-29T21:28:40","slug":"el-peligro-del-mal-uso-de-las-clausulas-condicionales","status":"publish","type":"post","link":"https:\/\/www.loeda.net\/bitacora\/2010\/03\/29\/el-peligro-del-mal-uso-de-las-clausulas-condicionales\/","title":{"rendered":"El peligro del mal uso de las cl\u00e1usulas condicionales."},"content":{"rendered":"<p style=\"text-align: justify;\"><a href=\"http:\/\/es.wikipedia.org\/wiki\/Mariano_Rajoy\"><img loading=\"lazy\" decoding=\"async\" class=\"aligncenter size-full wp-image-2684\" title=\"Mariano Rajoy\" src=\"http:\/\/www.loeda.net\/bitacora\/wp-content\/uploads\/2010\/03\/Mariano_Rajoy_pp.jpg\" alt=\"\" width=\"606\" height=\"260\" \/><\/a>El jefe de la oposici\u00f3n, Mariano Rajoy ha realizado una declaraci\u00f3n en relaci\u00f3n al juicio por presunta corrupci\u00f3n, de quien fue presidente de la comunidad aut\u00f3noma de las Islas Baleares.<\/p>\n<blockquote style=\"text-align: justify;\"><p>Me han confirmado que el se\u00f1or Matas ha pedido su baja en el partido. Nosotros la vamos a aceptar, como es natural. Le deseamos lo mejor al se\u00f1or <span style=\"text-decoration: underline;\">Matas y que se defienda y si puede demuestre su inocencia<\/span>. Quiero reafirmar una vez m\u00e1s que el PP ser\u00e1 implacable en la lucha contra la corrupci\u00f3n.<\/p><\/blockquote>\n<p style=\"text-align: justify;\">Al se\u00f1or Rajoy el subconsciente le ha traicionado, \u00bfsabr\u00e1 algo mas de lo que dice, para afirmar que ya es culpable?.<\/p>\n<p style=\"text-align: justify;\">No vendr\u00eda mal recordar el articulo 24.2 de la constituci\u00f3n Espa\u00f1ola.<\/p>\n<blockquote>\n<p style=\"text-align: justify;\">Asimismo, todos tienen derecho al Juez ordinario predeterminado por la ley, a la defensa y a la asistencia de letrado, a ser informados de la acusaci\u00f3n formulada contra ellos, a un proceso p\u00fablico sin dilaciones indebidas y con todas las garant\u00edas, a utilizar los medios de prueba pertinentes para su defensa, a no declarar contra s\u00ed mismos, a no confesarse culpables y a la presunci\u00f3n de inocencia.<\/p>\n<\/blockquote>\n<p style=\"text-align: justify;\">\n","protected":false},"excerpt":{"rendered":"<p>El jefe de la oposici\u00f3n, Mariano Rajoy ha realizado una declaraci\u00f3n en relaci\u00f3n al juicio por presunta corrupci\u00f3n, de quien fue presidente de la comunidad aut\u00f3noma de las Islas Baleares. Me han confirmado que el se\u00f1or Matas ha pedido su baja en el partido. Nosotros la vamos a aceptar, como es natural. Le deseamos lo [&hellip;]<\/p>\n","protected":false},"author":12,"featured_media":0,"comment_status":"open","ping_status":"open","sticky":false,"template":"","format":"standard","meta":{"footnotes":""},"categories":[12],"tags":[750],"class_list":["post-2683","post","type-post","status-publish","format-standard","hentry","category-espana","tag-sin-etiqueta","author-emilio"],"_links":{"self":[{"href":"https:\/\/www.loeda.net\/bitacora\/wp-json\/wp\/v2\/posts\/2683","targetHints":{"allow":["GET"]}}],"collection":[{"href":"https:\/\/www.loeda.net\/bitacora\/wp-json\/wp\/v2\/posts"}],"about":[{"href":"https:\/\/www.loeda.net\/bitacora\/wp-json\/wp\/v2\/types\/post"}],"author":[{"embeddable":true,"href":"https:\/\/www.loeda.net\/bitacora\/wp-json\/wp\/v2\/users\/12"}],"replies":[{"embeddable":true,"href":"https:\/\/www.loeda.net\/bitacora\/wp-json\/wp\/v2\/comments?post=2683"}],"version-history":[{"count":0,"href":"https:\/\/www.loeda.net\/bitacora\/wp-json\/wp\/v2\/posts\/2683\/revisions"}],"wp:attachment":[{"href":"https:\/\/www.loeda.net\/bitacora\/wp-json\/wp\/v2\/media?parent=2683"}],"wp:term":[{"taxonomy":"category","embeddable":true,"href":"https:\/\/www.loeda.net\/bitacora\/wp-json\/wp\/v2\/categories?post=2683"},{"taxonomy":"post_tag","embeddable":true,"href":"https:\/\/www.loeda.net\/bitacora\/wp-json\/wp\/v2\/tags?post=2683"}],"curies":[{"name":"wp","href":"https:\/\/api.w.org\/{rel}","templated":true}]}}