{"id":4704,"date":"2011-09-21T22:30:29","date_gmt":"2011-09-21T21:30:29","guid":{"rendered":"http:\/\/www.loeda.net\/bitacora\/?p=4704"},"modified":"2011-09-21T23:37:23","modified_gmt":"2011-09-21T22:37:23","slug":"s-a-r-el-principe-de-asturias-es-usted-un-cinico","status":"publish","type":"post","link":"https:\/\/www.loeda.net\/bitacora\/2011\/09\/21\/s-a-r-el-principe-de-asturias-es-usted-un-cinico\/","title":{"rendered":"S.A.R. el Pr\u00edncipe de Asturias, es usted un c\u00ednico"},"content":{"rendered":"<figure id=\"attachment_4708\" aria-describedby=\"caption-attachment-4708\" style=\"width: 524px\" class=\"wp-caption aligncenter\"><a href=\"http:\/\/www.loeda.net\/bitacora\/wp-content\/uploads\/2011\/09\/300px-Revista-SEMANA_Vacaciones_de_Letizia_y_Felipe_en_las_islas_griegas.jpg\"><img loading=\"lazy\" decoding=\"async\" class=\"size-full wp-image-4708\" title=\"Portada de la revista SEMANA, con las vacaciones de los pr\u00edncipes en el archipi\u00e9lago de la C\u00edcladas\" src=\"http:\/\/www.loeda.net\/bitacora\/wp-content\/uploads\/2011\/09\/525px-Revista-SEMANA_Vacaciones_de_Letizia_y_Felipe_en_las_islas_griegas-vc.jpg\" alt=\"Portada de la revista SEMANA, con las vacaciones de los pr\u00edncipes en el archipi\u00e9lago de la C\u00edcladas\" width=\"524\" height=\"314\" \/><\/a><figcaption id=\"caption-attachment-4708\" class=\"wp-caption-text\">Portada de la revista SEMANA (semana 2011-09-08 al 2011-09-14), con las vacaciones de los pr\u00edncipes en el archipi\u00e9lago de la Cicladas<\/figcaption><\/figure>\n<figure id=\"attachment_4706\" aria-describedby=\"caption-attachment-4706\" style=\"width: 525px\" class=\"wp-caption aligncenter\"><a href=\"http:\/\/www.loeda.net\/bitacora\/wp-content\/uploads\/2011\/09\/300px-El_Mundo_2011-09-08.jpg\"><img loading=\"lazy\" decoding=\"async\" class=\"size-full wp-image-4706\" title=\"Portada de El Mundo 2011-09-08\" src=\"http:\/\/www.loeda.net\/bitacora\/wp-content\/uploads\/2011\/09\/525px-El_Mundo_2011-09-08_vc.png\" alt=\"Portada de El Mundo 2011-09-08\" width=\"525\" height=\"132\" \/><\/a><figcaption id=\"caption-attachment-4706\" class=\"wp-caption-text\">Portada de El Mundo 2011-09-08<\/figcaption><\/figure>\n<blockquote cite=\"la palabras de Su Alteza Real el Pr\u00edncipe de Asturias en la cena con motivo del XXV aniversario del diario 'Expansi\u00f3n'\">\n<p style=\"text-align: justify;\">Espa\u00f1a tiene ante si un conjunto de desaf\u00edos de una gran magnitud. Estoy seguro de que seremos capaces de superarlos, con mucho esfuerzo y, tambi\u00e9n, con la profunda confianza que nos da la capacidad que la sociedad espa\u00f1ola ha demostrado sobradamente en las \u00faltimas d\u00e9cadas para hacer frente a otros retos dif\u00edciles: <strong>Dejando de lado la resignaci\u00f3n o la frustraci\u00f3n y actuando con responsabilidad, rigor, altura de miras, sentido de Estado buscando, con esp\u00edritu constructivo, m\u00e1s lo que nos une que lo que nos diferencia, y con una voluntad decidida de seguir construyendo todos juntos un futuro estable y pr\u00f3spero<\/strong>.<\/p>\n<\/blockquote>\n<p>Que su Alteza Real pida <strong>responsabilidad, rigor, altura de miras y sentido de Estado<\/strong> para despu\u00e9s disfrutar de unas vacaciones en una paradis\u00edaca isla Griega, a costa del erario publico no dice mucho en su favor.<\/p>\n","protected":false},"excerpt":{"rendered":"<p>Espa\u00f1a tiene ante si un conjunto de desaf\u00edos de una gran magnitud. Estoy seguro de que seremos capaces de superarlos, con mucho esfuerzo y, tambi\u00e9n, con la profunda confianza que nos da la capacidad que la sociedad espa\u00f1ola ha demostrado sobradamente en las \u00faltimas d\u00e9cadas para hacer frente a otros retos dif\u00edciles: Dejando de lado [&hellip;]<\/p>\n","protected":false},"author":12,"featured_media":0,"comment_status":"open","ping_status":"open","sticky":false,"template":"","format":"standard","meta":{"footnotes":""},"categories":[12],"tags":[750],"class_list":["post-4704","post","type-post","status-publish","format-standard","hentry","category-espana","tag-sin-etiqueta","author-emilio"],"_links":{"self":[{"href":"https:\/\/www.loeda.net\/bitacora\/wp-json\/wp\/v2\/posts\/4704","targetHints":{"allow":["GET"]}}],"collection":[{"href":"https:\/\/www.loeda.net\/bitacora\/wp-json\/wp\/v2\/posts"}],"about":[{"href":"https:\/\/www.loeda.net\/bitacora\/wp-json\/wp\/v2\/types\/post"}],"author":[{"embeddable":true,"href":"https:\/\/www.loeda.net\/bitacora\/wp-json\/wp\/v2\/users\/12"}],"replies":[{"embeddable":true,"href":"https:\/\/www.loeda.net\/bitacora\/wp-json\/wp\/v2\/comments?post=4704"}],"version-history":[{"count":0,"href":"https:\/\/www.loeda.net\/bitacora\/wp-json\/wp\/v2\/posts\/4704\/revisions"}],"wp:attachment":[{"href":"https:\/\/www.loeda.net\/bitacora\/wp-json\/wp\/v2\/media?parent=4704"}],"wp:term":[{"taxonomy":"category","embeddable":true,"href":"https:\/\/www.loeda.net\/bitacora\/wp-json\/wp\/v2\/categories?post=4704"},{"taxonomy":"post_tag","embeddable":true,"href":"https:\/\/www.loeda.net\/bitacora\/wp-json\/wp\/v2\/tags?post=4704"}],"curies":[{"name":"wp","href":"https:\/\/api.w.org\/{rel}","templated":true}]}}