{"id":5206,"date":"2012-12-19T13:00:15","date_gmt":"2012-12-19T12:00:15","guid":{"rendered":"http:\/\/www.loeda.net\/bitacora\/?p=5206"},"modified":"2012-12-19T13:00:15","modified_gmt":"2012-12-19T12:00:15","slug":"feliz-navidad-3","status":"publish","type":"post","link":"https:\/\/www.loeda.net\/bitacora\/2012\/12\/19\/feliz-navidad-3\/","title":{"rendered":"Feliz Navidad"},"content":{"rendered":"<figure id=\"attachment_5208\" aria-describedby=\"caption-attachment-5208\" style=\"width: 525px\" class=\"wp-caption aligncenter\"><a href=\"https:\/\/commons.wikimedia.org\/wiki\/File:1509_Garofalo_Adoration_of_the_Magi_anagoria.JPG\"><img loading=\"lazy\" decoding=\"async\" class=\"size-full wp-image-5208\" title=\"Adoraci\u00f3n de los Reyes Magos - Benvenuto Tisio da Garofalo -\" alt=\"Adoraci\u00f3n de los Reyes Magos - Benvenuto Tisio da Garofalo -\" src=\"http:\/\/www.loeda.net\/bitacora\/wp-content\/uploads\/2012\/12\/525px-Adoraci\u00f3n_de_los_Reyes_Magos-Benvenuto_Tisio_da_Garofalo.jpg\" width=\"525\" height=\"316\" \/><\/a><figcaption id=\"caption-attachment-5208\" class=\"wp-caption-text\">Adoraci\u00f3n de los Reyes Magos &#8211; Benvenuto Tisio da Garofalo &#8211;<\/figcaption><\/figure>\n<blockquote><p>\n<strong>Evangelio seg\u00fan San Lucas<\/strong><\/p>\n<p>Y aconteci\u00f3 en aquellos d\u00edas que sali\u00f3 un edicto de C\u00e9sar Augusto, para que se hiciera un censo de todo el mundo habitado.<\/p>\n<p>Este fue el primer censo que se levant\u00f3 cuando Cirenio era gobernador de Siria.<\/p>\n<p>Y todos se dirig\u00edan a inscribirse en el censo, cada uno a su ciudad.<\/p>\n<p>Y tambi\u00e9n Jos\u00e9 subi\u00f3 de Galilea, de la ciudad de Nazaret, a Judea, a la ciudad de David que se llama Bel\u00e9n, por ser \u00e9l de la casa y de la familia de David, para inscribirse junto con Mar\u00eda, desposada con \u00e9l, la cual estaba encinta.<\/p>\n<p>Y sucedi\u00f3 que mientras estaban ellos all\u00ed, se cumplieron los d\u00edas de su alumbramiento.<\/p>\n<p>Y dio a luz a su hijo primog\u00e9nito; le envolvi\u00f3 en pa\u00f1ales y le acost\u00f3 en un pesebre, porque no hab\u00eda lugar para ellos en el mes\u00f3n.<\/p><\/blockquote>\n","protected":false},"excerpt":{"rendered":"<p>Evangelio seg\u00fan San Lucas Y aconteci\u00f3 en aquellos d\u00edas que sali\u00f3 un edicto de C\u00e9sar Augusto, para que se hiciera un censo de todo el mundo habitado. Este fue el primer censo que se levant\u00f3 cuando Cirenio era gobernador de Siria. Y todos se dirig\u00edan a inscribirse en el censo, cada uno a su ciudad. [&hellip;]<\/p>\n","protected":false},"author":12,"featured_media":0,"comment_status":"open","ping_status":"open","sticky":false,"template":"","format":"standard","meta":{"footnotes":""},"categories":[12],"tags":[750],"class_list":["post-5206","post","type-post","status-publish","format-standard","hentry","category-espana","tag-sin-etiqueta","author-emilio"],"_links":{"self":[{"href":"https:\/\/www.loeda.net\/bitacora\/wp-json\/wp\/v2\/posts\/5206","targetHints":{"allow":["GET"]}}],"collection":[{"href":"https:\/\/www.loeda.net\/bitacora\/wp-json\/wp\/v2\/posts"}],"about":[{"href":"https:\/\/www.loeda.net\/bitacora\/wp-json\/wp\/v2\/types\/post"}],"author":[{"embeddable":true,"href":"https:\/\/www.loeda.net\/bitacora\/wp-json\/wp\/v2\/users\/12"}],"replies":[{"embeddable":true,"href":"https:\/\/www.loeda.net\/bitacora\/wp-json\/wp\/v2\/comments?post=5206"}],"version-history":[{"count":0,"href":"https:\/\/www.loeda.net\/bitacora\/wp-json\/wp\/v2\/posts\/5206\/revisions"}],"wp:attachment":[{"href":"https:\/\/www.loeda.net\/bitacora\/wp-json\/wp\/v2\/media?parent=5206"}],"wp:term":[{"taxonomy":"category","embeddable":true,"href":"https:\/\/www.loeda.net\/bitacora\/wp-json\/wp\/v2\/categories?post=5206"},{"taxonomy":"post_tag","embeddable":true,"href":"https:\/\/www.loeda.net\/bitacora\/wp-json\/wp\/v2\/tags?post=5206"}],"curies":[{"name":"wp","href":"https:\/\/api.w.org\/{rel}","templated":true}]}}